{"id":7477,"date":"2020-07-08T11:00:18","date_gmt":"2020-07-08T09:00:18","guid":{"rendered":"https:\/\/rideon.es\/en\/?p=7477"},"modified":"2020-11-02T13:55:51","modified_gmt":"2020-11-02T12:55:51","slug":"summer-parties-in-menorca-town-by-town","status":"publish","type":"post","link":"https:\/\/rideon.es\/en\/summer-parties-in-menorca-town-by-town\/","title":{"rendered":"Summer parties in Menorca town by town"},"content":{"rendered":"<p>From June, when the Fiestas de San Juan de Ciutadella are celebrated and until September, when Ma\u00f3 celebrates its Fiestas de Gr\u00e0cia, Menorca dresses up. All the municipalities of the Island host their most popular festivals during the summer months and offer a great leisure option for those who do motorcycle tourism in Menorca, since through these celebrations the visitor delves into the essence of this Mediterranean town .<br \/>\nOne of the common elements in all the festivals of Menorca, and which is also the main axis of the festive programs, is the horse. Riders in colorful clothing and horses of great beauty also decked out for the occasion represent the past of Menorca through various official acts and with unique shows such as the traditional &#8216;jaleos&#8217; in which the public makes the horses jump on two legs among the crowd with incredible skill.<br \/>\nThe most important festivals on the island are those of San Juan de Ciudadela, which are celebrated around the patron&#8217;s date, June 24. These festivals have become a huge claim for the island as they bring together thousands of visitors who come to Menorca year after year to fully enjoy the event. The traditional Menorca Gin with lemon is the drink par excellence and in all beach bars and bars it is served very cold.<br \/>\nHowever, these are not the only parties on the Island, below we detail the dates of the patron saint festivities of each municipality in Menorca, so you can enjoy a different and complete summer on your <a href=\"https:\/\/rideon.es\/en\/menorca\/\">rental motorcycle<\/a>.<\/p>\n<p>Ciutadella. Sant Joan festivities: June 23 and 24<br \/>\nIt is Mercadal. Sant Mart\u00ed festivities: third weekend of July<br \/>\nFornells. Sant Antoni festivities: fourth weekend of July<br \/>\nIt is Castell. Festes de Sant Jaume: July 24 and 25<br \/>\nIt is Migjorn Gran. Sant Crist\u00f2fol de ses Corregudes festivities: fifth weekend of July<br \/>\nLlucma\u00e7anes. Festes de Sant Gaiet\u00e0: first weekend of August<br \/>\nAlaior. Sant Lloren\u00e7 festivities: the weekend after August 10<br \/>\nSant Climent. San Clemente festivities: the weekend following the Sant Lloren\u00e7 festivities<br \/>\nFerreries. Sant Bartomeu festivities: August 23 and 24<br \/>\nSant Llu\u00eds. Festivals of Saint Louis of France: weekend after August 25<br \/>\nMa\u00f3. Celebrations of the Mare de D\u00e9u de Gr\u00e0cia (Ma\u00f3): 7 and 8 September<\/p>\n","protected":false},"excerpt":{"rendered":"<p>Summer parties in Menorca, From June, when the Fiestas de San Juan de Ciutadella are celebrated and until September, when Ma\u00f3 celebrates its Fiestas de Gr\u00e0cia, Menorca dresses up.<\/p>\n","protected":false},"author":2,"featured_media":7792,"comment_status":"open","ping_status":"open","sticky":false,"template":"","format":"standard","meta":{"inline_featured_image":false,"footnotes":""},"categories":[12,59,14,37,88,81,57,86,49],"tags":[146],"class_list":["post-7477","post","type-post","status-publish","format-standard","has-post-thumbnail","hentry","category-blog","category-festivities","category-menorca","category-menorca-festivals","category-motorcycle-rental","category-motorcycle-sharing","category-places-of-interest","category-renting","category-tips","tag-summer-parties-in-menorca"],"yoast_head":"<!-- This site is optimized with the Yoast SEO Premium plugin v18.7 (Yoast SEO v27.5) - https:\/\/yoast.com\/product\/yoast-seo-premium-wordpress\/ -->\n<title>Summer parties in Menorca town by town - Rent a Scooter in Barcelona, Menorca, Mallorca - Ride On Scooter Rental<\/title>\n<meta name=\"description\" content=\"Summer parties in Menorca, From June, when the Fiestas de San Juan de Ciutadella are celebrated and until September, when Ma\u00f3 celebrates its Fiestas de Gr\u00e0cia, Menorca dresses up.\" \/>\n<meta name=\"robots\" content=\"index, follow, max-snippet:-1, max-image-preview:large, max-video-preview:-1\" \/>\n<link rel=\"canonical\" href=\"https:\/\/rideon.es\/en\/summer-parties-in-menorca-town-by-town\/\" \/>\n<meta property=\"og:locale\" content=\"en_GB\" \/>\n<meta property=\"og:type\" content=\"article\" \/>\n<meta property=\"og:title\" content=\"Summer parties in Menorca town by town\" \/>\n<meta property=\"og:description\" content=\"Summer parties in Menorca, From June, when the Fiestas de San Juan de Ciutadella are celebrated and until September, when Ma\u00f3 celebrates its Fiestas de Gr\u00e0cia, Menorca dresses up.\" \/>\n<meta property=\"og:url\" content=\"https:\/\/rideon.es\/en\/summer-parties-in-menorca-town-by-town\/\" \/>\n<meta property=\"og:site_name\" content=\"Rent a Scooter in Barcelona, Menorca, Mallorca - Ride On Scooter Rental\" \/>\n<meta property=\"article:published_time\" content=\"2020-07-08T09:00:18+00:00\" \/>\n<meta property=\"article:modified_time\" content=\"2020-11-02T12:55:51+00:00\" \/>\n<meta property=\"og:image\" content=\"https:\/\/rideon.es\/en\/wp-content\/uploads\/sites\/14\/2020\/07\/Summer-parties-in-Menorca.jpg\" \/>\n\t<meta property=\"og:image:width\" content=\"1440\" \/>\n\t<meta property=\"og:image:height\" content=\"753\" \/>\n\t<meta property=\"og:image:type\" content=\"image\/jpeg\" \/>\n<meta name=\"author\" content=\"Ride On\" \/>\n<meta name=\"twitter:card\" content=\"summary_large_image\" \/>\n<meta name=\"twitter:label1\" content=\"Written by\" \/>\n\t<meta name=\"twitter:data1\" content=\"Ride On\" \/>\n\t<meta name=\"twitter:label2\" content=\"Estimated reading time\" \/>\n\t<meta name=\"twitter:data2\" content=\"2 minutes\" \/>\n<script type=\"application\/ld+json\" class=\"yoast-schema-graph\">{\"@context\":\"https:\\\/\\\/schema.org\",\"@graph\":[{\"@type\":\"Article\",\"@id\":\"https:\\\/\\\/rideon.es\\\/en\\\/summer-parties-in-menorca-town-by-town\\\/#article\",\"isPartOf\":{\"@id\":\"https:\\\/\\\/rideon.es\\\/en\\\/summer-parties-in-menorca-town-by-town\\\/\"},\"author\":{\"name\":\"Ride On\",\"@id\":\"https:\\\/\\\/rideon.es\\\/en\\\/#\\\/schema\\\/person\\\/48d6770e55c623d929bd20ce295611a7\"},\"headline\":\"Summer parties in Menorca town by town\",\"datePublished\":\"2020-07-08T09:00:18+00:00\",\"dateModified\":\"2020-11-02T12:55:51+00:00\",\"mainEntityOfPage\":{\"@id\":\"https:\\\/\\\/rideon.es\\\/en\\\/summer-parties-in-menorca-town-by-town\\\/\"},\"wordCount\":374,\"commentCount\":0,\"publisher\":{\"@id\":\"https:\\\/\\\/rideon.es\\\/en\\\/#organization\"},\"image\":{\"@id\":\"https:\\\/\\\/rideon.es\\\/en\\\/summer-parties-in-menorca-town-by-town\\\/#primaryimage\"},\"thumbnailUrl\":\"https:\\\/\\\/rideon.es\\\/en\\\/wp-content\\\/uploads\\\/sites\\\/14\\\/2020\\\/07\\\/Summer-parties-in-Menorca.jpg\",\"keywords\":[\"Summer parties in Menorca\"],\"articleSection\":[\"Blog\",\"Festivities\",\"Menorca\",\"Menorca festivals\",\"Motorcycle rental\",\"Motorcycle Sharing\",\"Places of interest\",\"Renting\",\"Tips\"],\"inLanguage\":\"en-GB\",\"potentialAction\":[{\"@type\":\"CommentAction\",\"name\":\"Comment\",\"target\":[\"https:\\\/\\\/rideon.es\\\/en\\\/summer-parties-in-menorca-town-by-town\\\/#respond\"]}]},{\"@type\":\"WebPage\",\"@id\":\"https:\\\/\\\/rideon.es\\\/en\\\/summer-parties-in-menorca-town-by-town\\\/\",\"url\":\"https:\\\/\\\/rideon.es\\\/en\\\/summer-parties-in-menorca-town-by-town\\\/\",\"name\":\"Summer parties in Menorca town by town - Rent a Scooter in Barcelona, Menorca, Mallorca - Ride On Scooter Rental\",\"isPartOf\":{\"@id\":\"https:\\\/\\\/rideon.es\\\/en\\\/#website\"},\"primaryImageOfPage\":{\"@id\":\"https:\\\/\\\/rideon.es\\\/en\\\/summer-parties-in-menorca-town-by-town\\\/#primaryimage\"},\"image\":{\"@id\":\"https:\\\/\\\/rideon.es\\\/en\\\/summer-parties-in-menorca-town-by-town\\\/#primaryimage\"},\"thumbnailUrl\":\"https:\\\/\\\/rideon.es\\\/en\\\/wp-content\\\/uploads\\\/sites\\\/14\\\/2020\\\/07\\\/Summer-parties-in-Menorca.jpg\",\"datePublished\":\"2020-07-08T09:00:18+00:00\",\"dateModified\":\"2020-11-02T12:55:51+00:00\",\"description\":\"Summer parties in Menorca, From June, when the Fiestas de San Juan de Ciutadella are celebrated and until September, when Ma\u00f3 celebrates its Fiestas de Gr\u00e0cia, Menorca dresses up.\",\"inLanguage\":\"en-GB\",\"potentialAction\":[{\"@type\":\"ReadAction\",\"target\":[\"https:\\\/\\\/rideon.es\\\/en\\\/summer-parties-in-menorca-town-by-town\\\/\"]}]},{\"@type\":\"ImageObject\",\"inLanguage\":\"en-GB\",\"@id\":\"https:\\\/\\\/rideon.es\\\/en\\\/summer-parties-in-menorca-town-by-town\\\/#primaryimage\",\"url\":\"https:\\\/\\\/rideon.es\\\/en\\\/wp-content\\\/uploads\\\/sites\\\/14\\\/2020\\\/07\\\/Summer-parties-in-Menorca.jpg\",\"contentUrl\":\"https:\\\/\\\/rideon.es\\\/en\\\/wp-content\\\/uploads\\\/sites\\\/14\\\/2020\\\/07\\\/Summer-parties-in-Menorca.jpg\",\"width\":1440,\"height\":753},{\"@type\":\"WebSite\",\"@id\":\"https:\\\/\\\/rideon.es\\\/en\\\/#website\",\"url\":\"https:\\\/\\\/rideon.es\\\/en\\\/\",\"name\":\"Rent a Scooter in Barcelona, Menorca, Mallorca - Ride On Scooter Rental\",\"description\":\"Alquiler de scooters en Barcelona, Menorca, Mallorca y Madrid\",\"publisher\":{\"@id\":\"https:\\\/\\\/rideon.es\\\/en\\\/#organization\"},\"potentialAction\":[{\"@type\":\"SearchAction\",\"target\":{\"@type\":\"EntryPoint\",\"urlTemplate\":\"https:\\\/\\\/rideon.es\\\/en\\\/?s={search_term_string}\"},\"query-input\":{\"@type\":\"PropertyValueSpecification\",\"valueRequired\":true,\"valueName\":\"search_term_string\"}}],\"inLanguage\":\"en-GB\"},{\"@type\":\"Organization\",\"@id\":\"https:\\\/\\\/rideon.es\\\/en\\\/#organization\",\"name\":\"Rent a Scooter in Barcelona, Menorca, Mallorca - Ride On Scooter Rental\",\"url\":\"https:\\\/\\\/rideon.es\\\/en\\\/\",\"logo\":{\"@type\":\"ImageObject\",\"inLanguage\":\"en-GB\",\"@id\":\"https:\\\/\\\/rideon.es\\\/en\\\/#\\\/schema\\\/logo\\\/image\\\/\",\"url\":\"https:\\\/\\\/rideon.es\\\/en\\\/wp-content\\\/uploads\\\/sites\\\/14\\\/2020\\\/02\\\/rideon_logo-200x78-1.png\",\"contentUrl\":\"https:\\\/\\\/rideon.es\\\/en\\\/wp-content\\\/uploads\\\/sites\\\/14\\\/2020\\\/02\\\/rideon_logo-200x78-1.png\",\"width\":200,\"height\":78,\"caption\":\"Rent a Scooter in Barcelona, Menorca, Mallorca - Ride On Scooter Rental\"},\"image\":{\"@id\":\"https:\\\/\\\/rideon.es\\\/en\\\/#\\\/schema\\\/logo\\\/image\\\/\"}},{\"@type\":\"Person\",\"@id\":\"https:\\\/\\\/rideon.es\\\/en\\\/#\\\/schema\\\/person\\\/48d6770e55c623d929bd20ce295611a7\",\"name\":\"Ride On\",\"image\":{\"@type\":\"ImageObject\",\"inLanguage\":\"en-GB\",\"@id\":\"https:\\\/\\\/secure.gravatar.com\\\/avatar\\\/785e72183089da6a00243c0f0e2d52db79b9983b602219afb07c868943086138?s=96&d=mm&r=g\",\"url\":\"https:\\\/\\\/secure.gravatar.com\\\/avatar\\\/785e72183089da6a00243c0f0e2d52db79b9983b602219afb07c868943086138?s=96&d=mm&r=g\",\"contentUrl\":\"https:\\\/\\\/secure.gravatar.com\\\/avatar\\\/785e72183089da6a00243c0f0e2d52db79b9983b602219afb07c868943086138?s=96&d=mm&r=g\",\"caption\":\"Ride On\"},\"url\":\"https:\\\/\\\/rideon.es\\\/en\\\/author\\\/eduardoyauri\\\/\"}]}<\/script>\n<!-- \/ Yoast SEO Premium plugin. -->","yoast_head_json":{"title":"Summer parties in Menorca town by town - Rent a Scooter in Barcelona, Menorca, Mallorca - Ride On Scooter Rental","description":"Summer parties in Menorca, From June, when the Fiestas de San Juan de Ciutadella are celebrated and until September, when Ma\u00f3 celebrates its Fiestas de Gr\u00e0cia, Menorca dresses up.","robots":{"index":"index","follow":"follow","max-snippet":"max-snippet:-1","max-image-preview":"max-image-preview:large","max-video-preview":"max-video-preview:-1"},"canonical":"https:\/\/rideon.es\/en\/summer-parties-in-menorca-town-by-town\/","og_locale":"en_GB","og_type":"article","og_title":"Summer parties in Menorca town by town","og_description":"Summer parties in Menorca, From June, when the Fiestas de San Juan de Ciutadella are celebrated and until September, when Ma\u00f3 celebrates its Fiestas de Gr\u00e0cia, Menorca dresses up.","og_url":"https:\/\/rideon.es\/en\/summer-parties-in-menorca-town-by-town\/","og_site_name":"Rent a Scooter in Barcelona, Menorca, Mallorca - Ride On Scooter Rental","article_published_time":"2020-07-08T09:00:18+00:00","article_modified_time":"2020-11-02T12:55:51+00:00","og_image":[{"width":1440,"height":753,"url":"https:\/\/rideon.es\/en\/wp-content\/uploads\/sites\/14\/2020\/07\/Summer-parties-in-Menorca.jpg","type":"image\/jpeg"}],"author":"Ride On","twitter_card":"summary_large_image","twitter_misc":{"Written by":"Ride On","Estimated reading time":"2 minutes"},"schema":{"@context":"https:\/\/schema.org","@graph":[{"@type":"Article","@id":"https:\/\/rideon.es\/en\/summer-parties-in-menorca-town-by-town\/#article","isPartOf":{"@id":"https:\/\/rideon.es\/en\/summer-parties-in-menorca-town-by-town\/"},"author":{"name":"Ride On","@id":"https:\/\/rideon.es\/en\/#\/schema\/person\/48d6770e55c623d929bd20ce295611a7"},"headline":"Summer parties in Menorca town by town","datePublished":"2020-07-08T09:00:18+00:00","dateModified":"2020-11-02T12:55:51+00:00","mainEntityOfPage":{"@id":"https:\/\/rideon.es\/en\/summer-parties-in-menorca-town-by-town\/"},"wordCount":374,"commentCount":0,"publisher":{"@id":"https:\/\/rideon.es\/en\/#organization"},"image":{"@id":"https:\/\/rideon.es\/en\/summer-parties-in-menorca-town-by-town\/#primaryimage"},"thumbnailUrl":"https:\/\/rideon.es\/en\/wp-content\/uploads\/sites\/14\/2020\/07\/Summer-parties-in-Menorca.jpg","keywords":["Summer parties in Menorca"],"articleSection":["Blog","Festivities","Menorca","Menorca festivals","Motorcycle rental","Motorcycle Sharing","Places of interest","Renting","Tips"],"inLanguage":"en-GB","potentialAction":[{"@type":"CommentAction","name":"Comment","target":["https:\/\/rideon.es\/en\/summer-parties-in-menorca-town-by-town\/#respond"]}]},{"@type":"WebPage","@id":"https:\/\/rideon.es\/en\/summer-parties-in-menorca-town-by-town\/","url":"https:\/\/rideon.es\/en\/summer-parties-in-menorca-town-by-town\/","name":"Summer parties in Menorca town by town - Rent a Scooter in Barcelona, Menorca, Mallorca - Ride On Scooter Rental","isPartOf":{"@id":"https:\/\/rideon.es\/en\/#website"},"primaryImageOfPage":{"@id":"https:\/\/rideon.es\/en\/summer-parties-in-menorca-town-by-town\/#primaryimage"},"image":{"@id":"https:\/\/rideon.es\/en\/summer-parties-in-menorca-town-by-town\/#primaryimage"},"thumbnailUrl":"https:\/\/rideon.es\/en\/wp-content\/uploads\/sites\/14\/2020\/07\/Summer-parties-in-Menorca.jpg","datePublished":"2020-07-08T09:00:18+00:00","dateModified":"2020-11-02T12:55:51+00:00","description":"Summer parties in Menorca, From June, when the Fiestas de San Juan de Ciutadella are celebrated and until September, when Ma\u00f3 celebrates its Fiestas de Gr\u00e0cia, Menorca dresses up.","inLanguage":"en-GB","potentialAction":[{"@type":"ReadAction","target":["https:\/\/rideon.es\/en\/summer-parties-in-menorca-town-by-town\/"]}]},{"@type":"ImageObject","inLanguage":"en-GB","@id":"https:\/\/rideon.es\/en\/summer-parties-in-menorca-town-by-town\/#primaryimage","url":"https:\/\/rideon.es\/en\/wp-content\/uploads\/sites\/14\/2020\/07\/Summer-parties-in-Menorca.jpg","contentUrl":"https:\/\/rideon.es\/en\/wp-content\/uploads\/sites\/14\/2020\/07\/Summer-parties-in-Menorca.jpg","width":1440,"height":753},{"@type":"WebSite","@id":"https:\/\/rideon.es\/en\/#website","url":"https:\/\/rideon.es\/en\/","name":"Rent a Scooter in Barcelona, Menorca, Mallorca - Ride On Scooter Rental","description":"Alquiler de scooters en Barcelona, Menorca, Mallorca y Madrid","publisher":{"@id":"https:\/\/rideon.es\/en\/#organization"},"potentialAction":[{"@type":"SearchAction","target":{"@type":"EntryPoint","urlTemplate":"https:\/\/rideon.es\/en\/?s={search_term_string}"},"query-input":{"@type":"PropertyValueSpecification","valueRequired":true,"valueName":"search_term_string"}}],"inLanguage":"en-GB"},{"@type":"Organization","@id":"https:\/\/rideon.es\/en\/#organization","name":"Rent a Scooter in Barcelona, Menorca, Mallorca - Ride On Scooter Rental","url":"https:\/\/rideon.es\/en\/","logo":{"@type":"ImageObject","inLanguage":"en-GB","@id":"https:\/\/rideon.es\/en\/#\/schema\/logo\/image\/","url":"https:\/\/rideon.es\/en\/wp-content\/uploads\/sites\/14\/2020\/02\/rideon_logo-200x78-1.png","contentUrl":"https:\/\/rideon.es\/en\/wp-content\/uploads\/sites\/14\/2020\/02\/rideon_logo-200x78-1.png","width":200,"height":78,"caption":"Rent a Scooter in Barcelona, Menorca, Mallorca - Ride On Scooter Rental"},"image":{"@id":"https:\/\/rideon.es\/en\/#\/schema\/logo\/image\/"}},{"@type":"Person","@id":"https:\/\/rideon.es\/en\/#\/schema\/person\/48d6770e55c623d929bd20ce295611a7","name":"Ride On","image":{"@type":"ImageObject","inLanguage":"en-GB","@id":"https:\/\/secure.gravatar.com\/avatar\/785e72183089da6a00243c0f0e2d52db79b9983b602219afb07c868943086138?s=96&d=mm&r=g","url":"https:\/\/secure.gravatar.com\/avatar\/785e72183089da6a00243c0f0e2d52db79b9983b602219afb07c868943086138?s=96&d=mm&r=g","contentUrl":"https:\/\/secure.gravatar.com\/avatar\/785e72183089da6a00243c0f0e2d52db79b9983b602219afb07c868943086138?s=96&d=mm&r=g","caption":"Ride On"},"url":"https:\/\/rideon.es\/en\/author\/eduardoyauri\/"}]}},"_links":{"self":[{"href":"https:\/\/rideon.es\/en\/wp-json\/wp\/v2\/posts\/7477","targetHints":{"allow":["GET"]}}],"collection":[{"href":"https:\/\/rideon.es\/en\/wp-json\/wp\/v2\/posts"}],"about":[{"href":"https:\/\/rideon.es\/en\/wp-json\/wp\/v2\/types\/post"}],"author":[{"embeddable":true,"href":"https:\/\/rideon.es\/en\/wp-json\/wp\/v2\/users\/2"}],"replies":[{"embeddable":true,"href":"https:\/\/rideon.es\/en\/wp-json\/wp\/v2\/comments?post=7477"}],"version-history":[{"count":3,"href":"https:\/\/rideon.es\/en\/wp-json\/wp\/v2\/posts\/7477\/revisions"}],"predecessor-version":[{"id":7793,"href":"https:\/\/rideon.es\/en\/wp-json\/wp\/v2\/posts\/7477\/revisions\/7793"}],"wp:featuredmedia":[{"embeddable":true,"href":"https:\/\/rideon.es\/en\/wp-json\/wp\/v2\/media\/7792"}],"wp:attachment":[{"href":"https:\/\/rideon.es\/en\/wp-json\/wp\/v2\/media?parent=7477"}],"wp:term":[{"taxonomy":"category","embeddable":true,"href":"https:\/\/rideon.es\/en\/wp-json\/wp\/v2\/categories?post=7477"},{"taxonomy":"post_tag","embeddable":true,"href":"https:\/\/rideon.es\/en\/wp-json\/wp\/v2\/tags?post=7477"}],"curies":[{"name":"wp","href":"https:\/\/api.w.org\/{rel}","templated":true}]}}