{"id":10593,"date":"2022-04-08T14:52:03","date_gmt":"2022-04-08T12:52:03","guid":{"rendered":"https:\/\/rideon.es\/de\/?p=10593"},"modified":"2022-04-08T14:52:03","modified_gmt":"2022-04-08T12:52:03","slug":"elektromotorradverleih-mallorca","status":"publish","type":"post","link":"https:\/\/rideon.es\/de\/elektromotorradverleih-mallorca\/","title":{"rendered":"Elektromotorradverleih Mallorca"},"content":{"rendered":"<p>Neue erneuerbare Energien zum Mieten von Elektromotorr\u00e4dern auf Mallorca<\/p>\n<p>In einer der wichtigsten St\u00e4dte Spaniens ist das Leben sehr gesch\u00e4ftig, es gibt immer etwas zu tun und vor allem tausend entfernte Orte, die man erreichen kann. Das Mieten von Elektrorollern auf Mallorca ist zweifellos die beste L\u00f6sung f\u00fcr dieses Entfernungsproblem. Sie werden feststellen, dass die Stra\u00dfen immer sehr voll sind, die \u00f6ffentlichen Verkehrsmittel manchmal nicht mit ihren Fahrpl\u00e4nen zusammenarbeiten, so dass Sie f\u00fcr eine wirklich kleine Investition ein eigenes Motorrad f\u00fcr ein paar Stunden haben, ohne dass Sie dorthin reisen k\u00f6nnen, wo Sie es brauchen viel Zeit zu verbringen oder zu tanken, weniger auf die traditionelle Weise, die wir kennen.<\/p>\n<p>Warum ein Elektromotorrad?<\/p>\n<p>Einige Konstruktionen verwenden Benzin (Erd\u00f6lderivat), jedoch in einer minimalen Menge, um das Motorrad zu starten, sodass Sie keine gr\u00f6\u00dferen Kosten in diesem Sinne oder die m\u00fchsamen Leitungen zum Bef\u00fcllen der Motorr\u00e4der haben.<br \/>\nF\u00fcr die Herstellung derselben werden normalerweise wiederverwendete oder recycelte Teile verwendet, daher hinterlassen die Fabriken keine f\u00fchlbare Kontamination. In diesen Unternehmen gibt es eine sehr etablierte Mission und Vision, bei der sie versuchen, den Planeten nicht mit Elementen zu beeintr\u00e4chtigen, die eine lange Nutzungsdauer haben und weniger M\u00fcll erzeugen k\u00f6nnen.<br \/>\nEs entstehen keine gro\u00dfen Mengen giftiger Gase, wir sprechen haupts\u00e4chlich von Kohlendioxid. Wenn Sie Elektroroller auf Mallorca mieten, k\u00f6nnen Sie sicher sein, dass der Treibhauseffekt kein Problem mehr darstellt, was auch die Tatsache einschr\u00e4nkt, dass in den st\u00e4dtischen Zentren die gr\u00f6\u00dfte Rauchbelastung entsteht.<br \/>\nNicht zu vergessen, dass Elektromotorr\u00e4der auch keine L\u00e4rmbel\u00e4stigung verursachen, ein wichtiger Faktor, wenn man zukunftsweisende Ver\u00e4nderungen vornehmen will. Gerade weil es keine Dezibel erzeugt, k\u00f6nnen Sie ein bisschen Ruhe haben, weniger L\u00e4rm im Verkehr und nat\u00fcrlich besser f\u00fcr Passanten, die ein bisschen Ruhe brauchen, wenn sie durch Stra\u00dfen voller Fahrzeuge gehen.<\/p>\n<p>Wie wirken sich erneuerbare Energien auf Motorr\u00e4der aus?<\/p>\n<p>Elektrische Energie wird als erneuerbare Ressource gez\u00e4hlt, die nach Gebrauch nicht verloren geht, und aus diesem Grund wurden viele Elemente unserer Routine so modifiziert, dass sie dieses Element als Hauptbrennstoff verwenden, um Geld zu sparen, ohne negative Auswirkungen zu haben. Das Mieten von Elektromotorr\u00e4dern auf Mallorca bedeutet auch viele Vorteile f\u00fcr das Unternehmen, das sie zur Verf\u00fcgung hat, denn f\u00fcr sie gibt es keine M\u00f6glichkeit, Geld f\u00fcr \u00d6l oder Filter auszugeben, es gibt fast nie Unf\u00e4lle mit ihnen und es kommt nicht einmal h\u00e4ufig vor, dass sie kaputt gehen heruntergefahren, erzeugen sie keinen h\u00f6heren Wartungsaufwand und das ist trotz der Investition langfristig positiv.<\/p>\n<p>Kurz gesagt, es ist billiger, zu einer Station zu gehen, an der Motorr\u00e4der oder Autos ohne hohe Kosten verladen werden, als einen Benzintank zu f\u00fcllen, und die gleiche Situation gilt f\u00fcr fast ganz Spanien, einschlie\u00dflich Europa. Dar\u00fcber hinaus k\u00f6nnen sie aufgrund eines von Kindheit an eingepr\u00e4gten Umweltbewusstseins in den gr\u00f6\u00dften Parks oder Pl\u00e4tzen der Stadt, den zentralsten und wirtschaftlichsten Orten f\u00fcr den Tourismus, gemietet werden.<\/p>\n","protected":false},"excerpt":{"rendered":"<p>In einer der wichtigsten St\u00e4dte Spaniens ist das Leben sehr gesch\u00e4ftig, es gibt immer etwas zu tun und vor allem tausend entfernte Orte, die man erreichen kann. Das Mieten von Elektrorollern auf Mallorca ist zweifellos die beste L\u00f6sung f\u00fcr dieses Entfernungsproblem.<\/p>\n","protected":false},"author":2,"featured_media":10594,"comment_status":"open","ping_status":"open","sticky":false,"template":"","format":"standard","meta":{"inline_featured_image":false,"footnotes":""},"categories":[12,101],"tags":[124],"class_list":["post-10593","post","type-post","status-publish","format-standard","has-post-thumbnail","hentry","category-blog","category-mallorca-en","tag-elektromotorradverleih-mallorca"],"yoast_head":"<!-- This site is optimized with the Yoast SEO Premium plugin v18.7 (Yoast SEO v27.5) - https:\/\/yoast.com\/product\/yoast-seo-premium-wordpress\/ -->\n<title>Elektromotorradverleih Mallorca - Roller mieten auf Barcelona, Mallorca, Menorca - Ride On Scooter Rental<\/title>\n<meta name=\"description\" content=\"In einer der wichtigsten St\u00e4dte Spaniens ist das Leben sehr gesch\u00e4ftig, es gibt immer etwas zu tun und vor allem tausend entfernte Orte, die man erreichen kann. Das Mieten von Elektrorollern auf Mallorca ist zweifellos die beste L\u00f6sung f\u00fcr dieses Entfernungsproblem.\" \/>\n<meta name=\"robots\" content=\"index, follow, max-snippet:-1, max-image-preview:large, max-video-preview:-1\" \/>\n<link rel=\"canonical\" href=\"https:\/\/rideon.es\/de\/elektromotorradverleih-mallorca\/\" \/>\n<meta property=\"og:locale\" content=\"de_DE\" \/>\n<meta property=\"og:type\" content=\"article\" \/>\n<meta property=\"og:title\" content=\"Elektromotorradverleih Mallorca\" \/>\n<meta property=\"og:description\" content=\"In einer der wichtigsten St\u00e4dte Spaniens ist das Leben sehr gesch\u00e4ftig, es gibt immer etwas zu tun und vor allem tausend entfernte Orte, die man erreichen kann. Das Mieten von Elektrorollern auf Mallorca ist zweifellos die beste L\u00f6sung f\u00fcr dieses Entfernungsproblem.\" \/>\n<meta property=\"og:url\" content=\"https:\/\/rideon.es\/de\/elektromotorradverleih-mallorca\/\" \/>\n<meta property=\"og:site_name\" content=\"Roller mieten auf Barcelona, Mallorca, Menorca - Ride On Scooter Rental\" \/>\n<meta property=\"article:published_time\" content=\"2022-04-08T12:52:03+00:00\" \/>\n<meta property=\"og:image\" content=\"https:\/\/rideon.es\/de\/wp-content\/uploads\/sites\/15\/2022\/04\/mallorca-g1bb08791f_1920-1.jpg\" \/>\n\t<meta property=\"og:image:width\" content=\"1920\" \/>\n\t<meta property=\"og:image:height\" content=\"1280\" \/>\n\t<meta property=\"og:image:type\" content=\"image\/jpeg\" \/>\n<meta name=\"author\" content=\"Ride On\" \/>\n<meta name=\"twitter:card\" content=\"summary_large_image\" \/>\n<meta name=\"twitter:label1\" content=\"Verfasst von\" \/>\n\t<meta name=\"twitter:data1\" content=\"Ride On\" \/>\n\t<meta name=\"twitter:label2\" content=\"Gesch\u00e4tzte Lesezeit\" \/>\n\t<meta name=\"twitter:data2\" content=\"3\u00a0Minuten\" \/>\n<script type=\"application\/ld+json\" class=\"yoast-schema-graph\">{\"@context\":\"https:\\\/\\\/schema.org\",\"@graph\":[{\"@type\":\"Article\",\"@id\":\"https:\\\/\\\/rideon.es\\\/de\\\/elektromotorradverleih-mallorca\\\/#article\",\"isPartOf\":{\"@id\":\"https:\\\/\\\/rideon.es\\\/de\\\/elektromotorradverleih-mallorca\\\/\"},\"author\":{\"name\":\"Ride On\",\"@id\":\"https:\\\/\\\/rideon.es\\\/de\\\/#\\\/schema\\\/person\\\/48d6770e55c623d929bd20ce295611a7\"},\"headline\":\"Elektromotorradverleih Mallorca\",\"datePublished\":\"2022-04-08T12:52:03+00:00\",\"mainEntityOfPage\":{\"@id\":\"https:\\\/\\\/rideon.es\\\/de\\\/elektromotorradverleih-mallorca\\\/\"},\"wordCount\":523,\"commentCount\":0,\"publisher\":{\"@id\":\"https:\\\/\\\/rideon.es\\\/de\\\/#organization\"},\"image\":{\"@id\":\"https:\\\/\\\/rideon.es\\\/de\\\/elektromotorradverleih-mallorca\\\/#primaryimage\"},\"thumbnailUrl\":\"https:\\\/\\\/rideon.es\\\/de\\\/wp-content\\\/uploads\\\/sites\\\/15\\\/2022\\\/04\\\/mallorca-g1bb08791f_1920-1.jpg\",\"keywords\":[\"Elektromotorradverleih Mallorca\"],\"articleSection\":[\"Blog\",\"Mallorca\"],\"inLanguage\":\"de\",\"potentialAction\":[{\"@type\":\"CommentAction\",\"name\":\"Comment\",\"target\":[\"https:\\\/\\\/rideon.es\\\/de\\\/elektromotorradverleih-mallorca\\\/#respond\"]}]},{\"@type\":\"WebPage\",\"@id\":\"https:\\\/\\\/rideon.es\\\/de\\\/elektromotorradverleih-mallorca\\\/\",\"url\":\"https:\\\/\\\/rideon.es\\\/de\\\/elektromotorradverleih-mallorca\\\/\",\"name\":\"Elektromotorradverleih Mallorca - Roller mieten auf Barcelona, Mallorca, Menorca - Ride On Scooter Rental\",\"isPartOf\":{\"@id\":\"https:\\\/\\\/rideon.es\\\/de\\\/#website\"},\"primaryImageOfPage\":{\"@id\":\"https:\\\/\\\/rideon.es\\\/de\\\/elektromotorradverleih-mallorca\\\/#primaryimage\"},\"image\":{\"@id\":\"https:\\\/\\\/rideon.es\\\/de\\\/elektromotorradverleih-mallorca\\\/#primaryimage\"},\"thumbnailUrl\":\"https:\\\/\\\/rideon.es\\\/de\\\/wp-content\\\/uploads\\\/sites\\\/15\\\/2022\\\/04\\\/mallorca-g1bb08791f_1920-1.jpg\",\"datePublished\":\"2022-04-08T12:52:03+00:00\",\"description\":\"In einer der wichtigsten St\u00e4dte Spaniens ist das Leben sehr gesch\u00e4ftig, es gibt immer etwas zu tun und vor allem tausend entfernte Orte, die man erreichen kann. Das Mieten von Elektrorollern auf Mallorca ist zweifellos die beste L\u00f6sung f\u00fcr dieses Entfernungsproblem.\",\"inLanguage\":\"de\",\"potentialAction\":[{\"@type\":\"ReadAction\",\"target\":[\"https:\\\/\\\/rideon.es\\\/de\\\/elektromotorradverleih-mallorca\\\/\"]}]},{\"@type\":\"ImageObject\",\"inLanguage\":\"de\",\"@id\":\"https:\\\/\\\/rideon.es\\\/de\\\/elektromotorradverleih-mallorca\\\/#primaryimage\",\"url\":\"https:\\\/\\\/rideon.es\\\/de\\\/wp-content\\\/uploads\\\/sites\\\/15\\\/2022\\\/04\\\/mallorca-g1bb08791f_1920-1.jpg\",\"contentUrl\":\"https:\\\/\\\/rideon.es\\\/de\\\/wp-content\\\/uploads\\\/sites\\\/15\\\/2022\\\/04\\\/mallorca-g1bb08791f_1920-1.jpg\",\"width\":1920,\"height\":1280},{\"@type\":\"WebSite\",\"@id\":\"https:\\\/\\\/rideon.es\\\/de\\\/#website\",\"url\":\"https:\\\/\\\/rideon.es\\\/de\\\/\",\"name\":\"Roller mieten auf Barcelona, Mallorca, Menorca - Ride On Scooter Rental\",\"description\":\"Alquiler de scooters en Barcelona, Menorca, Mallorca y Madrid\",\"publisher\":{\"@id\":\"https:\\\/\\\/rideon.es\\\/de\\\/#organization\"},\"potentialAction\":[{\"@type\":\"SearchAction\",\"target\":{\"@type\":\"EntryPoint\",\"urlTemplate\":\"https:\\\/\\\/rideon.es\\\/de\\\/?s={search_term_string}\"},\"query-input\":{\"@type\":\"PropertyValueSpecification\",\"valueRequired\":true,\"valueName\":\"search_term_string\"}}],\"inLanguage\":\"de\"},{\"@type\":\"Organization\",\"@id\":\"https:\\\/\\\/rideon.es\\\/de\\\/#organization\",\"name\":\"Roller mieten auf Barcelona, Mallorca, Menorca - Ride On Scooter Rental\",\"url\":\"https:\\\/\\\/rideon.es\\\/de\\\/\",\"logo\":{\"@type\":\"ImageObject\",\"inLanguage\":\"de\",\"@id\":\"https:\\\/\\\/rideon.es\\\/de\\\/#\\\/schema\\\/logo\\\/image\\\/\",\"url\":\"https:\\\/\\\/rideon.es\\\/de\\\/wp-content\\\/uploads\\\/sites\\\/15\\\/2020\\\/02\\\/rideon_logo-200x78-1.png\",\"contentUrl\":\"https:\\\/\\\/rideon.es\\\/de\\\/wp-content\\\/uploads\\\/sites\\\/15\\\/2020\\\/02\\\/rideon_logo-200x78-1.png\",\"width\":200,\"height\":78,\"caption\":\"Roller mieten auf Barcelona, Mallorca, Menorca - Ride On Scooter Rental\"},\"image\":{\"@id\":\"https:\\\/\\\/rideon.es\\\/de\\\/#\\\/schema\\\/logo\\\/image\\\/\"}},{\"@type\":\"Person\",\"@id\":\"https:\\\/\\\/rideon.es\\\/de\\\/#\\\/schema\\\/person\\\/48d6770e55c623d929bd20ce295611a7\",\"name\":\"Ride On\",\"image\":{\"@type\":\"ImageObject\",\"inLanguage\":\"de\",\"@id\":\"https:\\\/\\\/secure.gravatar.com\\\/avatar\\\/785e72183089da6a00243c0f0e2d52db79b9983b602219afb07c868943086138?s=96&d=mm&r=g\",\"url\":\"https:\\\/\\\/secure.gravatar.com\\\/avatar\\\/785e72183089da6a00243c0f0e2d52db79b9983b602219afb07c868943086138?s=96&d=mm&r=g\",\"contentUrl\":\"https:\\\/\\\/secure.gravatar.com\\\/avatar\\\/785e72183089da6a00243c0f0e2d52db79b9983b602219afb07c868943086138?s=96&d=mm&r=g\",\"caption\":\"Ride On\"},\"url\":\"https:\\\/\\\/rideon.es\\\/de\\\/author\\\/eduardoyauri\\\/\"}]}<\/script>\n<!-- \/ Yoast SEO Premium plugin. -->","yoast_head_json":{"title":"Elektromotorradverleih Mallorca - Roller mieten auf Barcelona, Mallorca, Menorca - Ride On Scooter Rental","description":"In einer der wichtigsten St\u00e4dte Spaniens ist das Leben sehr gesch\u00e4ftig, es gibt immer etwas zu tun und vor allem tausend entfernte Orte, die man erreichen kann. Das Mieten von Elektrorollern auf Mallorca ist zweifellos die beste L\u00f6sung f\u00fcr dieses Entfernungsproblem.","robots":{"index":"index","follow":"follow","max-snippet":"max-snippet:-1","max-image-preview":"max-image-preview:large","max-video-preview":"max-video-preview:-1"},"canonical":"https:\/\/rideon.es\/de\/elektromotorradverleih-mallorca\/","og_locale":"de_DE","og_type":"article","og_title":"Elektromotorradverleih Mallorca","og_description":"In einer der wichtigsten St\u00e4dte Spaniens ist das Leben sehr gesch\u00e4ftig, es gibt immer etwas zu tun und vor allem tausend entfernte Orte, die man erreichen kann. Das Mieten von Elektrorollern auf Mallorca ist zweifellos die beste L\u00f6sung f\u00fcr dieses Entfernungsproblem.","og_url":"https:\/\/rideon.es\/de\/elektromotorradverleih-mallorca\/","og_site_name":"Roller mieten auf Barcelona, Mallorca, Menorca - Ride On Scooter Rental","article_published_time":"2022-04-08T12:52:03+00:00","og_image":[{"width":1920,"height":1280,"url":"https:\/\/rideon.es\/de\/wp-content\/uploads\/sites\/15\/2022\/04\/mallorca-g1bb08791f_1920-1.jpg","type":"image\/jpeg"}],"author":"Ride On","twitter_card":"summary_large_image","twitter_misc":{"Verfasst von":"Ride On","Gesch\u00e4tzte Lesezeit":"3\u00a0Minuten"},"schema":{"@context":"https:\/\/schema.org","@graph":[{"@type":"Article","@id":"https:\/\/rideon.es\/de\/elektromotorradverleih-mallorca\/#article","isPartOf":{"@id":"https:\/\/rideon.es\/de\/elektromotorradverleih-mallorca\/"},"author":{"name":"Ride On","@id":"https:\/\/rideon.es\/de\/#\/schema\/person\/48d6770e55c623d929bd20ce295611a7"},"headline":"Elektromotorradverleih Mallorca","datePublished":"2022-04-08T12:52:03+00:00","mainEntityOfPage":{"@id":"https:\/\/rideon.es\/de\/elektromotorradverleih-mallorca\/"},"wordCount":523,"commentCount":0,"publisher":{"@id":"https:\/\/rideon.es\/de\/#organization"},"image":{"@id":"https:\/\/rideon.es\/de\/elektromotorradverleih-mallorca\/#primaryimage"},"thumbnailUrl":"https:\/\/rideon.es\/de\/wp-content\/uploads\/sites\/15\/2022\/04\/mallorca-g1bb08791f_1920-1.jpg","keywords":["Elektromotorradverleih Mallorca"],"articleSection":["Blog","Mallorca"],"inLanguage":"de","potentialAction":[{"@type":"CommentAction","name":"Comment","target":["https:\/\/rideon.es\/de\/elektromotorradverleih-mallorca\/#respond"]}]},{"@type":"WebPage","@id":"https:\/\/rideon.es\/de\/elektromotorradverleih-mallorca\/","url":"https:\/\/rideon.es\/de\/elektromotorradverleih-mallorca\/","name":"Elektromotorradverleih Mallorca - Roller mieten auf Barcelona, Mallorca, Menorca - Ride On Scooter Rental","isPartOf":{"@id":"https:\/\/rideon.es\/de\/#website"},"primaryImageOfPage":{"@id":"https:\/\/rideon.es\/de\/elektromotorradverleih-mallorca\/#primaryimage"},"image":{"@id":"https:\/\/rideon.es\/de\/elektromotorradverleih-mallorca\/#primaryimage"},"thumbnailUrl":"https:\/\/rideon.es\/de\/wp-content\/uploads\/sites\/15\/2022\/04\/mallorca-g1bb08791f_1920-1.jpg","datePublished":"2022-04-08T12:52:03+00:00","description":"In einer der wichtigsten St\u00e4dte Spaniens ist das Leben sehr gesch\u00e4ftig, es gibt immer etwas zu tun und vor allem tausend entfernte Orte, die man erreichen kann. Das Mieten von Elektrorollern auf Mallorca ist zweifellos die beste L\u00f6sung f\u00fcr dieses Entfernungsproblem.","inLanguage":"de","potentialAction":[{"@type":"ReadAction","target":["https:\/\/rideon.es\/de\/elektromotorradverleih-mallorca\/"]}]},{"@type":"ImageObject","inLanguage":"de","@id":"https:\/\/rideon.es\/de\/elektromotorradverleih-mallorca\/#primaryimage","url":"https:\/\/rideon.es\/de\/wp-content\/uploads\/sites\/15\/2022\/04\/mallorca-g1bb08791f_1920-1.jpg","contentUrl":"https:\/\/rideon.es\/de\/wp-content\/uploads\/sites\/15\/2022\/04\/mallorca-g1bb08791f_1920-1.jpg","width":1920,"height":1280},{"@type":"WebSite","@id":"https:\/\/rideon.es\/de\/#website","url":"https:\/\/rideon.es\/de\/","name":"Roller mieten auf Barcelona, Mallorca, Menorca - Ride On Scooter Rental","description":"Alquiler de scooters en Barcelona, Menorca, Mallorca y Madrid","publisher":{"@id":"https:\/\/rideon.es\/de\/#organization"},"potentialAction":[{"@type":"SearchAction","target":{"@type":"EntryPoint","urlTemplate":"https:\/\/rideon.es\/de\/?s={search_term_string}"},"query-input":{"@type":"PropertyValueSpecification","valueRequired":true,"valueName":"search_term_string"}}],"inLanguage":"de"},{"@type":"Organization","@id":"https:\/\/rideon.es\/de\/#organization","name":"Roller mieten auf Barcelona, Mallorca, Menorca - Ride On Scooter Rental","url":"https:\/\/rideon.es\/de\/","logo":{"@type":"ImageObject","inLanguage":"de","@id":"https:\/\/rideon.es\/de\/#\/schema\/logo\/image\/","url":"https:\/\/rideon.es\/de\/wp-content\/uploads\/sites\/15\/2020\/02\/rideon_logo-200x78-1.png","contentUrl":"https:\/\/rideon.es\/de\/wp-content\/uploads\/sites\/15\/2020\/02\/rideon_logo-200x78-1.png","width":200,"height":78,"caption":"Roller mieten auf Barcelona, Mallorca, Menorca - Ride On Scooter Rental"},"image":{"@id":"https:\/\/rideon.es\/de\/#\/schema\/logo\/image\/"}},{"@type":"Person","@id":"https:\/\/rideon.es\/de\/#\/schema\/person\/48d6770e55c623d929bd20ce295611a7","name":"Ride On","image":{"@type":"ImageObject","inLanguage":"de","@id":"https:\/\/secure.gravatar.com\/avatar\/785e72183089da6a00243c0f0e2d52db79b9983b602219afb07c868943086138?s=96&d=mm&r=g","url":"https:\/\/secure.gravatar.com\/avatar\/785e72183089da6a00243c0f0e2d52db79b9983b602219afb07c868943086138?s=96&d=mm&r=g","contentUrl":"https:\/\/secure.gravatar.com\/avatar\/785e72183089da6a00243c0f0e2d52db79b9983b602219afb07c868943086138?s=96&d=mm&r=g","caption":"Ride On"},"url":"https:\/\/rideon.es\/de\/author\/eduardoyauri\/"}]}},"_links":{"self":[{"href":"https:\/\/rideon.es\/de\/wp-json\/wp\/v2\/posts\/10593","targetHints":{"allow":["GET"]}}],"collection":[{"href":"https:\/\/rideon.es\/de\/wp-json\/wp\/v2\/posts"}],"about":[{"href":"https:\/\/rideon.es\/de\/wp-json\/wp\/v2\/types\/post"}],"author":[{"embeddable":true,"href":"https:\/\/rideon.es\/de\/wp-json\/wp\/v2\/users\/2"}],"replies":[{"embeddable":true,"href":"https:\/\/rideon.es\/de\/wp-json\/wp\/v2\/comments?post=10593"}],"version-history":[{"count":1,"href":"https:\/\/rideon.es\/de\/wp-json\/wp\/v2\/posts\/10593\/revisions"}],"predecessor-version":[{"id":10595,"href":"https:\/\/rideon.es\/de\/wp-json\/wp\/v2\/posts\/10593\/revisions\/10595"}],"wp:featuredmedia":[{"embeddable":true,"href":"https:\/\/rideon.es\/de\/wp-json\/wp\/v2\/media\/10594"}],"wp:attachment":[{"href":"https:\/\/rideon.es\/de\/wp-json\/wp\/v2\/media?parent=10593"}],"wp:term":[{"taxonomy":"category","embeddable":true,"href":"https:\/\/rideon.es\/de\/wp-json\/wp\/v2\/categories?post=10593"},{"taxonomy":"post_tag","embeddable":true,"href":"https:\/\/rideon.es\/de\/wp-json\/wp\/v2\/tags?post=10593"}],"curies":[{"name":"wp","href":"https:\/\/api.w.org\/{rel}","templated":true}]}}