{"id":10547,"date":"2022-03-04T15:11:40","date_gmt":"2022-03-04T14:11:40","guid":{"rendered":"https:\/\/rideon.es\/de\/?p=10547"},"modified":"2022-03-04T15:11:40","modified_gmt":"2022-03-04T14:11:40","slug":"unternehmungen-diesen-fruehling-auf-mallorca-2022","status":"publish","type":"post","link":"https:\/\/rideon.es\/de\/unternehmungen-diesen-fruehling-auf-mallorca-2022\/","title":{"rendered":"Unternehmungen diesen Fr\u00fchling auf Mallorca 2022"},"content":{"rendered":"<p>Der Fr\u00fchling ist die Jahreszeit, in der der Spa\u00df nie endet und das Wetter und die Farbe der Umgebung Sie dazu einladen, das Haus zu verlassen. Mallorca ist vielleicht das beste Reiseziel f\u00fcr einen luxuri\u00f6sen Fr\u00fchling.Machen Sie sich bereit f\u00fcr Spa\u00df!<\/p>\n<p>Unternehmungen diesen Fr\u00fchling auf Mallorca 2022<\/p>\n<p>Strandtag auf Mallorca: Wenn Ihr Ding ein Tag am Strand, Sand und Sonne ist, gibt es auf Mallorca \u00fcberall etwas. Obwohl La Palma an der K\u00fcste liegt, ist ein Gro\u00dfteil des maritimen Bereichs dem Hafen gewidmet. Wenn Sie jedoch einen ruhigen Strand suchen, gibt es auch Stadtstr\u00e4nde (abseits des Zentrums), an denen Sie sich ausgiebig sonnen k\u00f6nnen. Es sind keine sehr sch\u00f6nen Str\u00e4nde, aber sie werden von den Einwohnern Palmas vor der Touristensaison sehr besucht.<br \/>\nWandern: Mallorca bietet eine Verschmelzung von Strand und Bergen, daher ist Wandern dort eine der am h\u00e4ufigsten praktizierten Sportarten. Wenn Sie dem Strandwetter ein wenig entfliehen m\u00f6chten, kann dies eine gute Option sein.<br \/>\nAusflug in La Calobra: Ich wei\u00df, dass Mallorca in der Sommersaison normalerweise im Sommer besucht wird, insbesondere La Calobra, daher ist der Sommer nicht die ideale Zeit, um es zu besuchen, wenn Sie nicht gerne gehen, wenn viele Leute gehen. La Calobra ist einer der wichtigsten Punkte auf Mallorca, weshalb Sie nicht gehen k\u00f6nnen, ohne seine ber\u00fchmte Stra\u00dfe entlang zu gehen und seine spektakul\u00e4re Bucht zu besuchen. Es ist einer der besten Pl\u00e4ne f\u00fcr das Fr\u00fchjahr 2022 auf Mallorca.<br \/>\nRadtour in der Serra de Tramuntana: Sie m\u00fcssen kein Radfahrer sein, um sich f\u00fcr einen Tag aufs Rad zu setzen und die Wunder der Insel zu entdecken. Sie werden spektakul\u00e4re Mountainbike-Strecken finden, die Sie nicht verpassen d\u00fcrfen, egal ob Sie ein Experte in diesem Sport sind oder nicht. Sie werden von der Landschaft beeindruckt sein und eine ganz andere Vorstellung von Mallorca haben.<br \/>\nFeiern Sie den St.-Georgs-Tag: Am 23. April wird der St.-Georgs-Tag gefeiert, ein sehr h\u00e4ufiges Ereignis in nicht-katalanischsprachigen Gebieten. Obwohl es in Katalonien mit mehr Inbrunst gefeiert wird, da der Heilige Georg der Schutzpatron dieses Landes ist, wird auch Mallorca ermutigt, es mit einer Party zu feiern, die diesen Tag seit langem \u00fcbernimmt. Blumen und B\u00fccher erhellen die Stra\u00dfen, um die Tradition zu bewahren, die besagt, dass M\u00e4nner Frauen eine Rose schenken sollten und Frauen ihnen wiederum ein Buch. So wird der Legende vom Heiligen Georg gedacht.<br \/>\nGenie\u00dfen Sie den Cossiers-Tanz: Die Cossiers-Show ist eine der erstaunlichsten auf Mallorca. Es besteht aus einem Volkstanz, der von sechs M\u00e4nnern aufgef\u00fchrt wird, die um eine Frau tanzen. Die M\u00e4nner tragen in ihren H\u00e4nden ein Taschentuch und einen Strau\u00df aromatischer Kr\u00e4uter, mit denen die Dame der D\u00e4monenfigur, die ebenfalls an der Show teilnimmt, dargestellt wird.<\/p>\n<p>All dies und mehr finden Sie auf Mallorca, einem Juwel, in dem der Fr\u00fchling bunter und fr\u00f6hlicher ist.<\/p>\n","protected":false},"excerpt":{"rendered":"<p>Der Fr\u00fchling ist die Jahreszeit, in der der Spa\u00df nie endet und das Wetter und die Farbe der Umgebung Sie dazu einladen, das Haus zu verlassen. Mallorca ist vielleicht das beste Reiseziel f\u00fcr einen luxuri\u00f6sen Fr\u00fchling.Machen Sie sich bereit f\u00fcr Spa\u00df!<\/p>\n","protected":false},"author":2,"featured_media":10548,"comment_status":"open","ping_status":"open","sticky":false,"template":"","format":"standard","meta":{"inline_featured_image":false,"footnotes":""},"categories":[12,11],"tags":[120],"class_list":["post-10547","post","type-post","status-publish","format-standard","has-post-thumbnail","hentry","category-blog","category-mallorca","tag-fruehling-auf-mallorca-2022"],"yoast_head":"<!-- This site is optimized with the Yoast SEO Premium plugin v18.7 (Yoast SEO v27.5) - https:\/\/yoast.com\/product\/yoast-seo-premium-wordpress\/ -->\n<title>Unternehmungen diesen Fr\u00fchling auf Mallorca 2022 - Roller mieten auf Barcelona, Mallorca, Menorca - Ride On Scooter Rental<\/title>\n<meta name=\"description\" content=\"Der Fr\u00fchling ist die Jahreszeit, in der der Spa\u00df nie endet und das Wetter und die Farbe der Umgebung Sie dazu einladen, das Haus zu verlassen. Mallorca ist vielleicht das beste Reiseziel f\u00fcr einen luxuri\u00f6sen Fr\u00fchling.Machen Sie sich bereit f\u00fcr Spa\u00df!\" \/>\n<meta name=\"robots\" content=\"index, follow, max-snippet:-1, max-image-preview:large, max-video-preview:-1\" \/>\n<link rel=\"canonical\" href=\"https:\/\/rideon.es\/de\/unternehmungen-diesen-fruehling-auf-mallorca-2022\/\" \/>\n<meta property=\"og:locale\" content=\"de_DE\" \/>\n<meta property=\"og:type\" content=\"article\" \/>\n<meta property=\"og:title\" content=\"Unternehmungen diesen Fr\u00fchling auf Mallorca 2022\" \/>\n<meta property=\"og:description\" content=\"Der Fr\u00fchling ist die Jahreszeit, in der der Spa\u00df nie endet und das Wetter und die Farbe der Umgebung Sie dazu einladen, das Haus zu verlassen. Mallorca ist vielleicht das beste Reiseziel f\u00fcr einen luxuri\u00f6sen Fr\u00fchling.Machen Sie sich bereit f\u00fcr Spa\u00df!\" \/>\n<meta property=\"og:url\" content=\"https:\/\/rideon.es\/de\/unternehmungen-diesen-fruehling-auf-mallorca-2022\/\" \/>\n<meta property=\"og:site_name\" content=\"Roller mieten auf Barcelona, Mallorca, Menorca - Ride On Scooter Rental\" \/>\n<meta property=\"article:published_time\" content=\"2022-03-04T14:11:40+00:00\" \/>\n<meta property=\"og:image\" content=\"https:\/\/rideon.es\/de\/wp-content\/uploads\/sites\/15\/2022\/03\/mallorca-g4fde53c6a_1280.jpg\" \/>\n\t<meta property=\"og:image:width\" content=\"1280\" \/>\n\t<meta property=\"og:image:height\" content=\"853\" \/>\n\t<meta property=\"og:image:type\" content=\"image\/jpeg\" \/>\n<meta name=\"author\" content=\"Ride On\" \/>\n<meta name=\"twitter:card\" content=\"summary_large_image\" \/>\n<meta name=\"twitter:label1\" content=\"Verfasst von\" \/>\n\t<meta name=\"twitter:data1\" content=\"Ride On\" \/>\n\t<meta name=\"twitter:label2\" content=\"Gesch\u00e4tzte Lesezeit\" \/>\n\t<meta name=\"twitter:data2\" content=\"3\u00a0Minuten\" \/>\n<script type=\"application\/ld+json\" class=\"yoast-schema-graph\">{\"@context\":\"https:\\\/\\\/schema.org\",\"@graph\":[{\"@type\":\"Article\",\"@id\":\"https:\\\/\\\/rideon.es\\\/de\\\/unternehmungen-diesen-fruehling-auf-mallorca-2022\\\/#article\",\"isPartOf\":{\"@id\":\"https:\\\/\\\/rideon.es\\\/de\\\/unternehmungen-diesen-fruehling-auf-mallorca-2022\\\/\"},\"author\":{\"name\":\"Ride On\",\"@id\":\"https:\\\/\\\/rideon.es\\\/de\\\/#\\\/schema\\\/person\\\/48d6770e55c623d929bd20ce295611a7\"},\"headline\":\"Unternehmungen diesen Fr\u00fchling auf Mallorca 2022\",\"datePublished\":\"2022-03-04T14:11:40+00:00\",\"mainEntityOfPage\":{\"@id\":\"https:\\\/\\\/rideon.es\\\/de\\\/unternehmungen-diesen-fruehling-auf-mallorca-2022\\\/\"},\"wordCount\":500,\"commentCount\":0,\"publisher\":{\"@id\":\"https:\\\/\\\/rideon.es\\\/de\\\/#organization\"},\"image\":{\"@id\":\"https:\\\/\\\/rideon.es\\\/de\\\/unternehmungen-diesen-fruehling-auf-mallorca-2022\\\/#primaryimage\"},\"thumbnailUrl\":\"https:\\\/\\\/rideon.es\\\/de\\\/wp-content\\\/uploads\\\/sites\\\/15\\\/2022\\\/03\\\/mallorca-g4fde53c6a_1280.jpg\",\"keywords\":[\"Fr\u00fchling auf Mallorca 2022\"],\"articleSection\":[\"Blog\",\"Mallorca\"],\"inLanguage\":\"de\",\"potentialAction\":[{\"@type\":\"CommentAction\",\"name\":\"Comment\",\"target\":[\"https:\\\/\\\/rideon.es\\\/de\\\/unternehmungen-diesen-fruehling-auf-mallorca-2022\\\/#respond\"]}]},{\"@type\":\"WebPage\",\"@id\":\"https:\\\/\\\/rideon.es\\\/de\\\/unternehmungen-diesen-fruehling-auf-mallorca-2022\\\/\",\"url\":\"https:\\\/\\\/rideon.es\\\/de\\\/unternehmungen-diesen-fruehling-auf-mallorca-2022\\\/\",\"name\":\"Unternehmungen diesen Fr\u00fchling auf Mallorca 2022 - Roller mieten auf Barcelona, Mallorca, Menorca - Ride On Scooter Rental\",\"isPartOf\":{\"@id\":\"https:\\\/\\\/rideon.es\\\/de\\\/#website\"},\"primaryImageOfPage\":{\"@id\":\"https:\\\/\\\/rideon.es\\\/de\\\/unternehmungen-diesen-fruehling-auf-mallorca-2022\\\/#primaryimage\"},\"image\":{\"@id\":\"https:\\\/\\\/rideon.es\\\/de\\\/unternehmungen-diesen-fruehling-auf-mallorca-2022\\\/#primaryimage\"},\"thumbnailUrl\":\"https:\\\/\\\/rideon.es\\\/de\\\/wp-content\\\/uploads\\\/sites\\\/15\\\/2022\\\/03\\\/mallorca-g4fde53c6a_1280.jpg\",\"datePublished\":\"2022-03-04T14:11:40+00:00\",\"description\":\"Der Fr\u00fchling ist die Jahreszeit, in der der Spa\u00df nie endet und das Wetter und die Farbe der Umgebung Sie dazu einladen, das Haus zu verlassen. Mallorca ist vielleicht das beste Reiseziel f\u00fcr einen luxuri\u00f6sen Fr\u00fchling.Machen Sie sich bereit f\u00fcr Spa\u00df!\",\"inLanguage\":\"de\",\"potentialAction\":[{\"@type\":\"ReadAction\",\"target\":[\"https:\\\/\\\/rideon.es\\\/de\\\/unternehmungen-diesen-fruehling-auf-mallorca-2022\\\/\"]}]},{\"@type\":\"ImageObject\",\"inLanguage\":\"de\",\"@id\":\"https:\\\/\\\/rideon.es\\\/de\\\/unternehmungen-diesen-fruehling-auf-mallorca-2022\\\/#primaryimage\",\"url\":\"https:\\\/\\\/rideon.es\\\/de\\\/wp-content\\\/uploads\\\/sites\\\/15\\\/2022\\\/03\\\/mallorca-g4fde53c6a_1280.jpg\",\"contentUrl\":\"https:\\\/\\\/rideon.es\\\/de\\\/wp-content\\\/uploads\\\/sites\\\/15\\\/2022\\\/03\\\/mallorca-g4fde53c6a_1280.jpg\",\"width\":1280,\"height\":853},{\"@type\":\"WebSite\",\"@id\":\"https:\\\/\\\/rideon.es\\\/de\\\/#website\",\"url\":\"https:\\\/\\\/rideon.es\\\/de\\\/\",\"name\":\"Roller mieten auf Barcelona, Mallorca, Menorca - Ride On Scooter Rental\",\"description\":\"Alquiler de scooters en Barcelona, Menorca, Mallorca y Madrid\",\"publisher\":{\"@id\":\"https:\\\/\\\/rideon.es\\\/de\\\/#organization\"},\"potentialAction\":[{\"@type\":\"SearchAction\",\"target\":{\"@type\":\"EntryPoint\",\"urlTemplate\":\"https:\\\/\\\/rideon.es\\\/de\\\/?s={search_term_string}\"},\"query-input\":{\"@type\":\"PropertyValueSpecification\",\"valueRequired\":true,\"valueName\":\"search_term_string\"}}],\"inLanguage\":\"de\"},{\"@type\":\"Organization\",\"@id\":\"https:\\\/\\\/rideon.es\\\/de\\\/#organization\",\"name\":\"Roller mieten auf Barcelona, Mallorca, Menorca - Ride On Scooter Rental\",\"url\":\"https:\\\/\\\/rideon.es\\\/de\\\/\",\"logo\":{\"@type\":\"ImageObject\",\"inLanguage\":\"de\",\"@id\":\"https:\\\/\\\/rideon.es\\\/de\\\/#\\\/schema\\\/logo\\\/image\\\/\",\"url\":\"https:\\\/\\\/rideon.es\\\/de\\\/wp-content\\\/uploads\\\/sites\\\/15\\\/2020\\\/02\\\/rideon_logo-200x78-1.png\",\"contentUrl\":\"https:\\\/\\\/rideon.es\\\/de\\\/wp-content\\\/uploads\\\/sites\\\/15\\\/2020\\\/02\\\/rideon_logo-200x78-1.png\",\"width\":200,\"height\":78,\"caption\":\"Roller mieten auf Barcelona, Mallorca, Menorca - Ride On Scooter Rental\"},\"image\":{\"@id\":\"https:\\\/\\\/rideon.es\\\/de\\\/#\\\/schema\\\/logo\\\/image\\\/\"}},{\"@type\":\"Person\",\"@id\":\"https:\\\/\\\/rideon.es\\\/de\\\/#\\\/schema\\\/person\\\/48d6770e55c623d929bd20ce295611a7\",\"name\":\"Ride On\",\"image\":{\"@type\":\"ImageObject\",\"inLanguage\":\"de\",\"@id\":\"https:\\\/\\\/secure.gravatar.com\\\/avatar\\\/785e72183089da6a00243c0f0e2d52db79b9983b602219afb07c868943086138?s=96&d=mm&r=g\",\"url\":\"https:\\\/\\\/secure.gravatar.com\\\/avatar\\\/785e72183089da6a00243c0f0e2d52db79b9983b602219afb07c868943086138?s=96&d=mm&r=g\",\"contentUrl\":\"https:\\\/\\\/secure.gravatar.com\\\/avatar\\\/785e72183089da6a00243c0f0e2d52db79b9983b602219afb07c868943086138?s=96&d=mm&r=g\",\"caption\":\"Ride On\"},\"url\":\"https:\\\/\\\/rideon.es\\\/de\\\/author\\\/eduardoyauri\\\/\"}]}<\/script>\n<!-- \/ Yoast SEO Premium plugin. -->","yoast_head_json":{"title":"Unternehmungen diesen Fr\u00fchling auf Mallorca 2022 - Roller mieten auf Barcelona, Mallorca, Menorca - Ride On Scooter Rental","description":"Der Fr\u00fchling ist die Jahreszeit, in der der Spa\u00df nie endet und das Wetter und die Farbe der Umgebung Sie dazu einladen, das Haus zu verlassen. Mallorca ist vielleicht das beste Reiseziel f\u00fcr einen luxuri\u00f6sen Fr\u00fchling.Machen Sie sich bereit f\u00fcr Spa\u00df!","robots":{"index":"index","follow":"follow","max-snippet":"max-snippet:-1","max-image-preview":"max-image-preview:large","max-video-preview":"max-video-preview:-1"},"canonical":"https:\/\/rideon.es\/de\/unternehmungen-diesen-fruehling-auf-mallorca-2022\/","og_locale":"de_DE","og_type":"article","og_title":"Unternehmungen diesen Fr\u00fchling auf Mallorca 2022","og_description":"Der Fr\u00fchling ist die Jahreszeit, in der der Spa\u00df nie endet und das Wetter und die Farbe der Umgebung Sie dazu einladen, das Haus zu verlassen. Mallorca ist vielleicht das beste Reiseziel f\u00fcr einen luxuri\u00f6sen Fr\u00fchling.Machen Sie sich bereit f\u00fcr Spa\u00df!","og_url":"https:\/\/rideon.es\/de\/unternehmungen-diesen-fruehling-auf-mallorca-2022\/","og_site_name":"Roller mieten auf Barcelona, Mallorca, Menorca - Ride On Scooter Rental","article_published_time":"2022-03-04T14:11:40+00:00","og_image":[{"width":1280,"height":853,"url":"https:\/\/rideon.es\/de\/wp-content\/uploads\/sites\/15\/2022\/03\/mallorca-g4fde53c6a_1280.jpg","type":"image\/jpeg"}],"author":"Ride On","twitter_card":"summary_large_image","twitter_misc":{"Verfasst von":"Ride On","Gesch\u00e4tzte Lesezeit":"3\u00a0Minuten"},"schema":{"@context":"https:\/\/schema.org","@graph":[{"@type":"Article","@id":"https:\/\/rideon.es\/de\/unternehmungen-diesen-fruehling-auf-mallorca-2022\/#article","isPartOf":{"@id":"https:\/\/rideon.es\/de\/unternehmungen-diesen-fruehling-auf-mallorca-2022\/"},"author":{"name":"Ride On","@id":"https:\/\/rideon.es\/de\/#\/schema\/person\/48d6770e55c623d929bd20ce295611a7"},"headline":"Unternehmungen diesen Fr\u00fchling auf Mallorca 2022","datePublished":"2022-03-04T14:11:40+00:00","mainEntityOfPage":{"@id":"https:\/\/rideon.es\/de\/unternehmungen-diesen-fruehling-auf-mallorca-2022\/"},"wordCount":500,"commentCount":0,"publisher":{"@id":"https:\/\/rideon.es\/de\/#organization"},"image":{"@id":"https:\/\/rideon.es\/de\/unternehmungen-diesen-fruehling-auf-mallorca-2022\/#primaryimage"},"thumbnailUrl":"https:\/\/rideon.es\/de\/wp-content\/uploads\/sites\/15\/2022\/03\/mallorca-g4fde53c6a_1280.jpg","keywords":["Fr\u00fchling auf Mallorca 2022"],"articleSection":["Blog","Mallorca"],"inLanguage":"de","potentialAction":[{"@type":"CommentAction","name":"Comment","target":["https:\/\/rideon.es\/de\/unternehmungen-diesen-fruehling-auf-mallorca-2022\/#respond"]}]},{"@type":"WebPage","@id":"https:\/\/rideon.es\/de\/unternehmungen-diesen-fruehling-auf-mallorca-2022\/","url":"https:\/\/rideon.es\/de\/unternehmungen-diesen-fruehling-auf-mallorca-2022\/","name":"Unternehmungen diesen Fr\u00fchling auf Mallorca 2022 - Roller mieten auf Barcelona, Mallorca, Menorca - Ride On Scooter Rental","isPartOf":{"@id":"https:\/\/rideon.es\/de\/#website"},"primaryImageOfPage":{"@id":"https:\/\/rideon.es\/de\/unternehmungen-diesen-fruehling-auf-mallorca-2022\/#primaryimage"},"image":{"@id":"https:\/\/rideon.es\/de\/unternehmungen-diesen-fruehling-auf-mallorca-2022\/#primaryimage"},"thumbnailUrl":"https:\/\/rideon.es\/de\/wp-content\/uploads\/sites\/15\/2022\/03\/mallorca-g4fde53c6a_1280.jpg","datePublished":"2022-03-04T14:11:40+00:00","description":"Der Fr\u00fchling ist die Jahreszeit, in der der Spa\u00df nie endet und das Wetter und die Farbe der Umgebung Sie dazu einladen, das Haus zu verlassen. Mallorca ist vielleicht das beste Reiseziel f\u00fcr einen luxuri\u00f6sen Fr\u00fchling.Machen Sie sich bereit f\u00fcr Spa\u00df!","inLanguage":"de","potentialAction":[{"@type":"ReadAction","target":["https:\/\/rideon.es\/de\/unternehmungen-diesen-fruehling-auf-mallorca-2022\/"]}]},{"@type":"ImageObject","inLanguage":"de","@id":"https:\/\/rideon.es\/de\/unternehmungen-diesen-fruehling-auf-mallorca-2022\/#primaryimage","url":"https:\/\/rideon.es\/de\/wp-content\/uploads\/sites\/15\/2022\/03\/mallorca-g4fde53c6a_1280.jpg","contentUrl":"https:\/\/rideon.es\/de\/wp-content\/uploads\/sites\/15\/2022\/03\/mallorca-g4fde53c6a_1280.jpg","width":1280,"height":853},{"@type":"WebSite","@id":"https:\/\/rideon.es\/de\/#website","url":"https:\/\/rideon.es\/de\/","name":"Roller mieten auf Barcelona, Mallorca, Menorca - Ride On Scooter Rental","description":"Alquiler de scooters en Barcelona, Menorca, Mallorca y Madrid","publisher":{"@id":"https:\/\/rideon.es\/de\/#organization"},"potentialAction":[{"@type":"SearchAction","target":{"@type":"EntryPoint","urlTemplate":"https:\/\/rideon.es\/de\/?s={search_term_string}"},"query-input":{"@type":"PropertyValueSpecification","valueRequired":true,"valueName":"search_term_string"}}],"inLanguage":"de"},{"@type":"Organization","@id":"https:\/\/rideon.es\/de\/#organization","name":"Roller mieten auf Barcelona, Mallorca, Menorca - Ride On Scooter Rental","url":"https:\/\/rideon.es\/de\/","logo":{"@type":"ImageObject","inLanguage":"de","@id":"https:\/\/rideon.es\/de\/#\/schema\/logo\/image\/","url":"https:\/\/rideon.es\/de\/wp-content\/uploads\/sites\/15\/2020\/02\/rideon_logo-200x78-1.png","contentUrl":"https:\/\/rideon.es\/de\/wp-content\/uploads\/sites\/15\/2020\/02\/rideon_logo-200x78-1.png","width":200,"height":78,"caption":"Roller mieten auf Barcelona, Mallorca, Menorca - Ride On Scooter Rental"},"image":{"@id":"https:\/\/rideon.es\/de\/#\/schema\/logo\/image\/"}},{"@type":"Person","@id":"https:\/\/rideon.es\/de\/#\/schema\/person\/48d6770e55c623d929bd20ce295611a7","name":"Ride On","image":{"@type":"ImageObject","inLanguage":"de","@id":"https:\/\/secure.gravatar.com\/avatar\/785e72183089da6a00243c0f0e2d52db79b9983b602219afb07c868943086138?s=96&d=mm&r=g","url":"https:\/\/secure.gravatar.com\/avatar\/785e72183089da6a00243c0f0e2d52db79b9983b602219afb07c868943086138?s=96&d=mm&r=g","contentUrl":"https:\/\/secure.gravatar.com\/avatar\/785e72183089da6a00243c0f0e2d52db79b9983b602219afb07c868943086138?s=96&d=mm&r=g","caption":"Ride On"},"url":"https:\/\/rideon.es\/de\/author\/eduardoyauri\/"}]}},"_links":{"self":[{"href":"https:\/\/rideon.es\/de\/wp-json\/wp\/v2\/posts\/10547","targetHints":{"allow":["GET"]}}],"collection":[{"href":"https:\/\/rideon.es\/de\/wp-json\/wp\/v2\/posts"}],"about":[{"href":"https:\/\/rideon.es\/de\/wp-json\/wp\/v2\/types\/post"}],"author":[{"embeddable":true,"href":"https:\/\/rideon.es\/de\/wp-json\/wp\/v2\/users\/2"}],"replies":[{"embeddable":true,"href":"https:\/\/rideon.es\/de\/wp-json\/wp\/v2\/comments?post=10547"}],"version-history":[{"count":1,"href":"https:\/\/rideon.es\/de\/wp-json\/wp\/v2\/posts\/10547\/revisions"}],"predecessor-version":[{"id":10549,"href":"https:\/\/rideon.es\/de\/wp-json\/wp\/v2\/posts\/10547\/revisions\/10549"}],"wp:featuredmedia":[{"embeddable":true,"href":"https:\/\/rideon.es\/de\/wp-json\/wp\/v2\/media\/10548"}],"wp:attachment":[{"href":"https:\/\/rideon.es\/de\/wp-json\/wp\/v2\/media?parent=10547"}],"wp:term":[{"taxonomy":"category","embeddable":true,"href":"https:\/\/rideon.es\/de\/wp-json\/wp\/v2\/categories?post=10547"},{"taxonomy":"post_tag","embeddable":true,"href":"https:\/\/rideon.es\/de\/wp-json\/wp\/v2\/tags?post=10547"}],"curies":[{"name":"wp","href":"https:\/\/api.w.org\/{rel}","templated":true}]}}